{"id":253,"date":"2024-06-06T10:42:18","date_gmt":"2024-06-06T10:42:18","guid":{"rendered":"https:\/\/civilwordsaps.it\/?p=253"},"modified":"2026-04-20T16:57:21","modified_gmt":"2026-04-20T16:57:21","slug":"l-italia-non-e-un-paese-per-i-difensori-dei-diritti-umani","status":"publish","type":"post","link":"https:\/\/civilwordsaps.it\/en\/l-italia-non-e-un-paese-per-i-difensori-dei-diritti-umani\/","title":{"rendered":"ITALY IS NOT A COUNTRY FOR HUMAN RIGHTS DEFENDERS"},"content":{"rendered":"<h1>ITALY IS NOT A COUNTRY FOR HUMAN RIGHTS DEFENDERS<\/h1>\n<p><img fetchpriority=\"high\" decoding=\"async\" class=\"wp-image-254 size-medium alignleft\" src=\"https:\/\/civilwordsaps.it\/wp-content\/uploads\/2025\/08\/LITALIA-NON-E-UN-PAESE-1024x1024-1-300x300.png\" alt=\"\" width=\"300\" height=\"300\" srcset=\"https:\/\/civilwordsaps.it\/wp-content\/uploads\/2025\/08\/LITALIA-NON-E-UN-PAESE-1024x1024-1-300x300.png 300w, https:\/\/civilwordsaps.it\/wp-content\/uploads\/2025\/08\/LITALIA-NON-E-UN-PAESE-1024x1024-1-100x100.png 100w, https:\/\/civilwordsaps.it\/wp-content\/uploads\/2025\/08\/LITALIA-NON-E-UN-PAESE-1024x1024-1-600x600.png 600w, https:\/\/civilwordsaps.it\/wp-content\/uploads\/2025\/08\/LITALIA-NON-E-UN-PAESE-1024x1024-1-150x150.png 150w, https:\/\/civilwordsaps.it\/wp-content\/uploads\/2025\/08\/LITALIA-NON-E-UN-PAESE-1024x1024-1-768x768.png 768w, https:\/\/civilwordsaps.it\/wp-content\/uploads\/2025\/08\/LITALIA-NON-E-UN-PAESE-1024x1024-1.png 1024w\" sizes=\"(max-width: 300px) 100vw, 300px\" \/>We join other civil society groups in denouncing the ongoing repression of human rights defenders who express social needs that the state should never institutionally repress.<\/p>\n<p>We are witnessing a continuing shrinking of civic space in Italy. On July 9, an Extinction Rebellion activist in Bologna was humiliated during a police search, an incident reminiscent of the violence at the G8 summit in Genoa. In Pisa, on February 23, 2024, police attacked pro-Palestine students, while on December 22, 2023, violent clashes occurred in Rome against student protesters.<\/p>\n<p>The European Commission's July 24 report denounces verbal and physical attacks against humanitarian organizations and protesters, often by the police and supported by the media and politicians. This is happening while Italy lacks a national institution for the independent protection of human rights and working conditions for journalists are deteriorating, making it increasingly difficult to foster informed public debate.<\/p>\n<p>The signatories of the document \"Italy is not a country for human rights defenders\" unite to call for countering narratives that portray human rights defenders and their movements as criminals and to promote the protection of their freedoms of expression, peaceful assembly, and association by refraining from any form of stigmatization, delegitimization, denigration, or criminalization. The recurring use of practices of civil disobedience must not be used as a pretext to limit civic space and the exercise of fundamental freedoms.<\/p>\n<p>Read the full document on the LargeMovements website<\/p>\n<p>For information on the initiative or to join the document from new civil society groups, please contact: vice-president@largemovements.it<\/p>\n<p>Membership of the document will be updated at the following link:<\/p>\n<p>Signatories of the document:<br \/>\n1. Large Movements APS<br \/>\n2. Ci sar\u00e0 un bel clima<br \/>\n3. CISDA \u2013 Coordinamento Italiano Sostegno Donne Afghane<br \/>\n4. Civil Words APS<br \/>\n5. Diritto Diretto<br \/>\n6. Greenpeace \u2013 Gruppo Locale di Bologna<br \/>\n7. Rete legalit\u00e0 per il clima<br \/>\n8. Ultima Generazione<\/p>","protected":false},"excerpt":{"rendered":"<p>L&#8217;ITALIA NON \u00c8 UN PAESE PER I DIFENSORI DEI DIRITTI UMANI Ci uniamo ad altre realt\u00e0 della societ\u00e0 civile per denunciare le continue repressioni nei confronti dei difensori dei diritti umani che manifestano bisogni sociali che lo Stato non dovrebbe mai reprimere istituzionalmente. Ci troviamo di fronte a un continuo restringimento dello spazio civico in&hellip;&nbsp;<a href=\"https:\/\/civilwordsaps.it\/en\/l-italia-non-e-un-paese-per-i-difensori-dei-diritti-umani\/\" rel=\"bookmark\"><span class=\"screen-reader-text\">ITALY IS NOT A COUNTRY FOR HUMAN RIGHTS DEFENDERS<\/span><\/a><\/p>","protected":false},"author":1,"featured_media":254,"comment_status":"closed","ping_status":"closed","sticky":false,"template":"","format":"standard","meta":{"_exactmetrics_skip_tracking":false,"_exactmetrics_sitenote_active":false,"_exactmetrics_sitenote_note":"","_exactmetrics_sitenote_category":0,"neve_meta_sidebar":"","neve_meta_container":"contained","neve_meta_enable_content_width":"off","neve_meta_content_width":70,"neve_meta_title_alignment":"","neve_meta_author_avatar":"","neve_post_elements_order":"","neve_meta_disable_header":"","neve_meta_disable_footer":"","neve_meta_disable_title":"on","footnotes":""},"categories":[1,5],"tags":[],"class_list":["post-253","post","type-post","status-publish","format-standard","has-post-thumbnail","hentry","category-storie","category-storie-di-mondi"],"yoast_head":"<!-- This site is optimized with the Yoast SEO plugin v25.7 - https:\/\/yoast.com\/wordpress\/plugins\/seo\/ -->\n<title>L&#039;Italia non \u00e8 un paese per i difensori dei Diritti Umani | Civil Words<\/title>\n<meta name=\"description\" content=\"Ci uniamo ad altre realt\u00e0 della societ\u00e0 civile per denunciare le continue repressioni nei confronti dei difensori dei diritti umani.\" \/>\n<meta name=\"robots\" content=\"index, follow, max-snippet:-1, max-image-preview:large, max-video-preview:-1\" \/>\n<link rel=\"canonical\" href=\"https:\/\/civilwordsaps.it\/en\/l-italia-non-e-un-paese-per-i-difensori-dei-diritti-umani\/\" \/>\n<meta property=\"og:locale\" content=\"en_GB\" \/>\n<meta property=\"og:type\" content=\"article\" \/>\n<meta property=\"og:title\" content=\"L&#039;Italia non \u00e8 un paese per i difensori dei Diritti Umani | Civil Words\" \/>\n<meta property=\"og:description\" content=\"Ci uniamo ad altre realt\u00e0 della societ\u00e0 civile per denunciare le continue repressioni nei confronti dei difensori dei diritti umani.\" \/>\n<meta property=\"og:url\" content=\"https:\/\/civilwordsaps.it\/en\/l-italia-non-e-un-paese-per-i-difensori-dei-diritti-umani\/\" \/>\n<meta property=\"og:site_name\" content=\"CIVIL WORDS\" \/>\n<meta property=\"article:publisher\" content=\"https:\/\/www.facebook.com\/CivWords\" \/>\n<meta property=\"article:published_time\" content=\"2024-06-06T10:42:18+00:00\" \/>\n<meta property=\"article:modified_time\" content=\"2026-04-20T16:57:21+00:00\" \/>\n<meta property=\"og:image\" content=\"https:\/\/civilwordsaps.it\/wp-content\/uploads\/2025\/08\/LITALIA-NON-E-UN-PAESE-1024x1024-1.png\" \/>\n\t<meta property=\"og:image:width\" content=\"1024\" \/>\n\t<meta property=\"og:image:height\" content=\"1024\" \/>\n\t<meta property=\"og:image:type\" content=\"image\/png\" \/>\n<meta name=\"author\" content=\"admin\" \/>\n<meta name=\"twitter:card\" content=\"summary_large_image\" \/>\n<meta name=\"twitter:label1\" content=\"Written by\" \/>\n\t<meta name=\"twitter:data1\" content=\"admin\" \/>\n\t<meta name=\"twitter:label2\" content=\"Estimated reading time\" \/>\n\t<meta name=\"twitter:data2\" content=\"3 minutes\" \/>\n<script type=\"application\/ld+json\" class=\"yoast-schema-graph\">{\"@context\":\"https:\/\/schema.org\",\"@graph\":[{\"@type\":\"Article\",\"@id\":\"https:\/\/civilwordsaps.it\/l-italia-non-e-un-paese-per-i-difensori-dei-diritti-umani\/#article\",\"isPartOf\":{\"@id\":\"https:\/\/civilwordsaps.it\/l-italia-non-e-un-paese-per-i-difensori-dei-diritti-umani\/\"},\"author\":{\"name\":\"admin\",\"@id\":\"https:\/\/civilwordsaps.it\/#\/schema\/person\/dd4e97e79e75a8597f8489673e269dbc\"},\"headline\":\"L&#8217;ITALIA NON \u00c8 UN PAESE PER I DIFENSORI DEI DIRITTI UMANI\",\"datePublished\":\"2024-06-06T10:42:18+00:00\",\"dateModified\":\"2026-04-20T16:57:21+00:00\",\"mainEntityOfPage\":{\"@id\":\"https:\/\/civilwordsaps.it\/l-italia-non-e-un-paese-per-i-difensori-dei-diritti-umani\/\"},\"wordCount\":343,\"publisher\":{\"@id\":\"https:\/\/civilwordsaps.it\/#organization\"},\"image\":{\"@id\":\"https:\/\/civilwordsaps.it\/l-italia-non-e-un-paese-per-i-difensori-dei-diritti-umani\/#primaryimage\"},\"thumbnailUrl\":\"https:\/\/civilwordsaps.it\/wp-content\/uploads\/2025\/08\/LITALIA-NON-E-UN-PAESE-1024x1024-1.png\",\"articleSection\":[\"Storie\",\"Storie di Mondi\"],\"inLanguage\":\"en-GB\"},{\"@type\":\"WebPage\",\"@id\":\"https:\/\/civilwordsaps.it\/l-italia-non-e-un-paese-per-i-difensori-dei-diritti-umani\/\",\"url\":\"https:\/\/civilwordsaps.it\/l-italia-non-e-un-paese-per-i-difensori-dei-diritti-umani\/\",\"name\":\"L'Italia non \u00e8 un paese per i difensori dei Diritti Umani | Civil Words\",\"isPartOf\":{\"@id\":\"https:\/\/civilwordsaps.it\/#website\"},\"primaryImageOfPage\":{\"@id\":\"https:\/\/civilwordsaps.it\/l-italia-non-e-un-paese-per-i-difensori-dei-diritti-umani\/#primaryimage\"},\"image\":{\"@id\":\"https:\/\/civilwordsaps.it\/l-italia-non-e-un-paese-per-i-difensori-dei-diritti-umani\/#primaryimage\"},\"thumbnailUrl\":\"https:\/\/civilwordsaps.it\/wp-content\/uploads\/2025\/08\/LITALIA-NON-E-UN-PAESE-1024x1024-1.png\",\"datePublished\":\"2024-06-06T10:42:18+00:00\",\"dateModified\":\"2026-04-20T16:57:21+00:00\",\"description\":\"Ci uniamo ad altre realt\u00e0 della societ\u00e0 civile per denunciare le continue repressioni nei confronti dei difensori dei diritti umani.\",\"breadcrumb\":{\"@id\":\"https:\/\/civilwordsaps.it\/l-italia-non-e-un-paese-per-i-difensori-dei-diritti-umani\/#breadcrumb\"},\"inLanguage\":\"en-GB\",\"potentialAction\":[{\"@type\":\"ReadAction\",\"target\":[\"https:\/\/civilwordsaps.it\/l-italia-non-e-un-paese-per-i-difensori-dei-diritti-umani\/\"]}]},{\"@type\":\"ImageObject\",\"inLanguage\":\"en-GB\",\"@id\":\"https:\/\/civilwordsaps.it\/l-italia-non-e-un-paese-per-i-difensori-dei-diritti-umani\/#primaryimage\",\"url\":\"https:\/\/civilwordsaps.it\/wp-content\/uploads\/2025\/08\/LITALIA-NON-E-UN-PAESE-1024x1024-1.png\",\"contentUrl\":\"https:\/\/civilwordsaps.it\/wp-content\/uploads\/2025\/08\/LITALIA-NON-E-UN-PAESE-1024x1024-1.png\",\"width\":1024,\"height\":1024,\"caption\":\"Diritti Umani in Italia\"},{\"@type\":\"BreadcrumbList\",\"@id\":\"https:\/\/civilwordsaps.it\/l-italia-non-e-un-paese-per-i-difensori-dei-diritti-umani\/#breadcrumb\",\"itemListElement\":[{\"@type\":\"ListItem\",\"position\":1,\"name\":\"Home\",\"item\":\"https:\/\/civilwordsaps.it\/\"},{\"@type\":\"ListItem\",\"position\":2,\"name\":\"L&#8217;ITALIA NON \u00c8 UN PAESE PER I DIFENSORI DEI DIRITTI UMANI\"}]},{\"@type\":\"WebSite\",\"@id\":\"https:\/\/civilwordsaps.it\/#website\",\"url\":\"https:\/\/civilwordsaps.it\/\",\"name\":\"Civil Words\",\"description\":\"STAY HUMAN\",\"publisher\":{\"@id\":\"https:\/\/civilwordsaps.it\/#organization\"},\"potentialAction\":[{\"@type\":\"SearchAction\",\"target\":{\"@type\":\"EntryPoint\",\"urlTemplate\":\"https:\/\/civilwordsaps.it\/?s={search_term_string}\"},\"query-input\":{\"@type\":\"PropertyValueSpecification\",\"valueRequired\":true,\"valueName\":\"search_term_string\"}}],\"inLanguage\":\"en-GB\"},{\"@type\":\"Organization\",\"@id\":\"https:\/\/civilwordsaps.it\/#organization\",\"name\":\"Civil Words\",\"url\":\"https:\/\/civilwordsaps.it\/\",\"logo\":{\"@type\":\"ImageObject\",\"inLanguage\":\"en-GB\",\"@id\":\"https:\/\/civilwordsaps.it\/#\/schema\/logo\/image\/\",\"url\":\"https:\/\/civilwordsaps.it\/wp-content\/uploads\/2025\/08\/logo-civil-words.png\",\"contentUrl\":\"https:\/\/civilwordsaps.it\/wp-content\/uploads\/2025\/08\/logo-civil-words.png\",\"width\":279,\"height\":105,\"caption\":\"Civil Words\"},\"image\":{\"@id\":\"https:\/\/civilwordsaps.it\/#\/schema\/logo\/image\/\"},\"sameAs\":[\"https:\/\/www.facebook.com\/CivWords\",\"https:\/\/www.instagram.com\/civilwords\/\",\"https:\/\/www.youtube.com\/@civilwords\/\"]},{\"@type\":\"Person\",\"@id\":\"https:\/\/civilwordsaps.it\/#\/schema\/person\/dd4e97e79e75a8597f8489673e269dbc\",\"name\":\"admin\",\"image\":{\"@type\":\"ImageObject\",\"inLanguage\":\"en-GB\",\"@id\":\"https:\/\/civilwordsaps.it\/#\/schema\/person\/image\/\",\"url\":\"https:\/\/secure.gravatar.com\/avatar\/391cc337b508e018b9d903681130ffa0aae1a6db4e3866cc827741c4dfa5c04e?s=96&d=mm&r=g\",\"contentUrl\":\"https:\/\/secure.gravatar.com\/avatar\/391cc337b508e018b9d903681130ffa0aae1a6db4e3866cc827741c4dfa5c04e?s=96&d=mm&r=g\",\"caption\":\"admin\"},\"sameAs\":[\"http:\/\/civilwordsaps.it\"],\"url\":\"https:\/\/civilwordsaps.it\/en\/author\/admin\/\"}]}<\/script>\n<!-- \/ Yoast SEO plugin. -->","yoast_head_json":{"title":"L'Italia non \u00e8 un paese per i difensori dei Diritti Umani | Civil Words","description":"Ci uniamo ad altre realt\u00e0 della societ\u00e0 civile per denunciare le continue repressioni nei confronti dei difensori dei diritti umani.","robots":{"index":"index","follow":"follow","max-snippet":"max-snippet:-1","max-image-preview":"max-image-preview:large","max-video-preview":"max-video-preview:-1"},"canonical":"https:\/\/civilwordsaps.it\/en\/l-italia-non-e-un-paese-per-i-difensori-dei-diritti-umani\/","og_locale":"en_GB","og_type":"article","og_title":"L'Italia non \u00e8 un paese per i difensori dei Diritti Umani | Civil Words","og_description":"Ci uniamo ad altre realt\u00e0 della societ\u00e0 civile per denunciare le continue repressioni nei confronti dei difensori dei diritti umani.","og_url":"https:\/\/civilwordsaps.it\/en\/l-italia-non-e-un-paese-per-i-difensori-dei-diritti-umani\/","og_site_name":"CIVIL WORDS","article_publisher":"https:\/\/www.facebook.com\/CivWords","article_published_time":"2024-06-06T10:42:18+00:00","article_modified_time":"2026-04-20T16:57:21+00:00","og_image":[{"width":1024,"height":1024,"url":"https:\/\/civilwordsaps.it\/wp-content\/uploads\/2025\/08\/LITALIA-NON-E-UN-PAESE-1024x1024-1.png","type":"image\/png"}],"author":"admin","twitter_card":"summary_large_image","twitter_misc":{"Written by":"admin","Estimated reading time":"3 minutes"},"schema":{"@context":"https:\/\/schema.org","@graph":[{"@type":"Article","@id":"https:\/\/civilwordsaps.it\/l-italia-non-e-un-paese-per-i-difensori-dei-diritti-umani\/#article","isPartOf":{"@id":"https:\/\/civilwordsaps.it\/l-italia-non-e-un-paese-per-i-difensori-dei-diritti-umani\/"},"author":{"name":"admin","@id":"https:\/\/civilwordsaps.it\/#\/schema\/person\/dd4e97e79e75a8597f8489673e269dbc"},"headline":"L&#8217;ITALIA NON \u00c8 UN PAESE PER I DIFENSORI DEI DIRITTI UMANI","datePublished":"2024-06-06T10:42:18+00:00","dateModified":"2026-04-20T16:57:21+00:00","mainEntityOfPage":{"@id":"https:\/\/civilwordsaps.it\/l-italia-non-e-un-paese-per-i-difensori-dei-diritti-umani\/"},"wordCount":343,"publisher":{"@id":"https:\/\/civilwordsaps.it\/#organization"},"image":{"@id":"https:\/\/civilwordsaps.it\/l-italia-non-e-un-paese-per-i-difensori-dei-diritti-umani\/#primaryimage"},"thumbnailUrl":"https:\/\/civilwordsaps.it\/wp-content\/uploads\/2025\/08\/LITALIA-NON-E-UN-PAESE-1024x1024-1.png","articleSection":["Storie","Storie di Mondi"],"inLanguage":"en-GB"},{"@type":"WebPage","@id":"https:\/\/civilwordsaps.it\/l-italia-non-e-un-paese-per-i-difensori-dei-diritti-umani\/","url":"https:\/\/civilwordsaps.it\/l-italia-non-e-un-paese-per-i-difensori-dei-diritti-umani\/","name":"L'Italia non \u00e8 un paese per i difensori dei Diritti Umani | Civil Words","isPartOf":{"@id":"https:\/\/civilwordsaps.it\/#website"},"primaryImageOfPage":{"@id":"https:\/\/civilwordsaps.it\/l-italia-non-e-un-paese-per-i-difensori-dei-diritti-umani\/#primaryimage"},"image":{"@id":"https:\/\/civilwordsaps.it\/l-italia-non-e-un-paese-per-i-difensori-dei-diritti-umani\/#primaryimage"},"thumbnailUrl":"https:\/\/civilwordsaps.it\/wp-content\/uploads\/2025\/08\/LITALIA-NON-E-UN-PAESE-1024x1024-1.png","datePublished":"2024-06-06T10:42:18+00:00","dateModified":"2026-04-20T16:57:21+00:00","description":"Ci uniamo ad altre realt\u00e0 della societ\u00e0 civile per denunciare le continue repressioni nei confronti dei difensori dei diritti umani.","breadcrumb":{"@id":"https:\/\/civilwordsaps.it\/l-italia-non-e-un-paese-per-i-difensori-dei-diritti-umani\/#breadcrumb"},"inLanguage":"en-GB","potentialAction":[{"@type":"ReadAction","target":["https:\/\/civilwordsaps.it\/l-italia-non-e-un-paese-per-i-difensori-dei-diritti-umani\/"]}]},{"@type":"ImageObject","inLanguage":"en-GB","@id":"https:\/\/civilwordsaps.it\/l-italia-non-e-un-paese-per-i-difensori-dei-diritti-umani\/#primaryimage","url":"https:\/\/civilwordsaps.it\/wp-content\/uploads\/2025\/08\/LITALIA-NON-E-UN-PAESE-1024x1024-1.png","contentUrl":"https:\/\/civilwordsaps.it\/wp-content\/uploads\/2025\/08\/LITALIA-NON-E-UN-PAESE-1024x1024-1.png","width":1024,"height":1024,"caption":"Diritti Umani in Italia"},{"@type":"BreadcrumbList","@id":"https:\/\/civilwordsaps.it\/l-italia-non-e-un-paese-per-i-difensori-dei-diritti-umani\/#breadcrumb","itemListElement":[{"@type":"ListItem","position":1,"name":"Home","item":"https:\/\/civilwordsaps.it\/"},{"@type":"ListItem","position":2,"name":"L&#8217;ITALIA NON \u00c8 UN PAESE PER I DIFENSORI DEI DIRITTI UMANI"}]},{"@type":"WebSite","@id":"https:\/\/civilwordsaps.it\/#website","url":"https:\/\/civilwordsaps.it\/","name":"Civil Words","description":"STAY HUMAN","publisher":{"@id":"https:\/\/civilwordsaps.it\/#organization"},"potentialAction":[{"@type":"SearchAction","target":{"@type":"EntryPoint","urlTemplate":"https:\/\/civilwordsaps.it\/?s={search_term_string}"},"query-input":{"@type":"PropertyValueSpecification","valueRequired":true,"valueName":"search_term_string"}}],"inLanguage":"en-GB"},{"@type":"Organization","@id":"https:\/\/civilwordsaps.it\/#organization","name":"Civil Words","url":"https:\/\/civilwordsaps.it\/","logo":{"@type":"ImageObject","inLanguage":"en-GB","@id":"https:\/\/civilwordsaps.it\/#\/schema\/logo\/image\/","url":"https:\/\/civilwordsaps.it\/wp-content\/uploads\/2025\/08\/logo-civil-words.png","contentUrl":"https:\/\/civilwordsaps.it\/wp-content\/uploads\/2025\/08\/logo-civil-words.png","width":279,"height":105,"caption":"Civil Words"},"image":{"@id":"https:\/\/civilwordsaps.it\/#\/schema\/logo\/image\/"},"sameAs":["https:\/\/www.facebook.com\/CivWords","https:\/\/www.instagram.com\/civilwords\/","https:\/\/www.youtube.com\/@civilwords\/"]},{"@type":"Person","@id":"https:\/\/civilwordsaps.it\/#\/schema\/person\/dd4e97e79e75a8597f8489673e269dbc","name":"admin","image":{"@type":"ImageObject","inLanguage":"en-GB","@id":"https:\/\/civilwordsaps.it\/#\/schema\/person\/image\/","url":"https:\/\/secure.gravatar.com\/avatar\/391cc337b508e018b9d903681130ffa0aae1a6db4e3866cc827741c4dfa5c04e?s=96&d=mm&r=g","contentUrl":"https:\/\/secure.gravatar.com\/avatar\/391cc337b508e018b9d903681130ffa0aae1a6db4e3866cc827741c4dfa5c04e?s=96&d=mm&r=g","caption":"admin"},"sameAs":["http:\/\/civilwordsaps.it"],"url":"https:\/\/civilwordsaps.it\/en\/author\/admin\/"}]}},"_links":{"self":[{"href":"https:\/\/civilwordsaps.it\/en\/wp-json\/wp\/v2\/posts\/253","targetHints":{"allow":["GET"]}}],"collection":[{"href":"https:\/\/civilwordsaps.it\/en\/wp-json\/wp\/v2\/posts"}],"about":[{"href":"https:\/\/civilwordsaps.it\/en\/wp-json\/wp\/v2\/types\/post"}],"author":[{"embeddable":true,"href":"https:\/\/civilwordsaps.it\/en\/wp-json\/wp\/v2\/users\/1"}],"replies":[{"embeddable":true,"href":"https:\/\/civilwordsaps.it\/en\/wp-json\/wp\/v2\/comments?post=253"}],"version-history":[{"count":6,"href":"https:\/\/civilwordsaps.it\/en\/wp-json\/wp\/v2\/posts\/253\/revisions"}],"predecessor-version":[{"id":4763,"href":"https:\/\/civilwordsaps.it\/en\/wp-json\/wp\/v2\/posts\/253\/revisions\/4763"}],"wp:featuredmedia":[{"embeddable":true,"href":"https:\/\/civilwordsaps.it\/en\/wp-json\/wp\/v2\/media\/254"}],"wp:attachment":[{"href":"https:\/\/civilwordsaps.it\/en\/wp-json\/wp\/v2\/media?parent=253"}],"wp:term":[{"taxonomy":"category","embeddable":true,"href":"https:\/\/civilwordsaps.it\/en\/wp-json\/wp\/v2\/categories?post=253"},{"taxonomy":"post_tag","embeddable":true,"href":"https:\/\/civilwordsaps.it\/en\/wp-json\/wp\/v2\/tags?post=253"}],"curies":[{"name":"wp","href":"https:\/\/api.w.org\/{rel}","templated":true}]}}